{"id":988,"date":"2026-03-12T19:59:04","date_gmt":"2026-03-12T22:59:04","guid":{"rendered":"https:\/\/www.nossogoias.com.br\/wp\/?p=988"},"modified":"2026-03-14T21:24:10","modified_gmt":"2026-03-15T00:24:10","slug":"conflito-internacional-lider-do-ira-promete-vinganca-e-manter-fechado-estreito-de-ormuz","status":"publish","type":"post","link":"https:\/\/www.nossogoias.com.br\/wp\/conflito-internacional-lider-do-ira-promete-vinganca-e-manter-fechado-estreito-de-ormuz\/","title":{"rendered":"Conflito internacional: l\u00edder do Ir\u00e3 promete vingan\u00e7a e manter fechado Estreito de Ormuz"},"content":{"rendered":"\n<p><strong>Mojtaba Khamenei fez primeira fala ap\u00f3s ser eleito para cargo m\u00e1ximo<\/strong><\/p>\n\n\n\n<p><strong>No primeiro pronunciamento p\u00fablico desde que foi eleito L\u00edder Supremo do Ir\u00e3, o aiatol\u00e1 Mojtaba Khamenei prometeu, nesta quinta-feira (12), vingan\u00e7a \u201cpelo sangue de seus m\u00e1rtires\u201d assassinados por Israel e Estados Unidos (EUA), al\u00e9m de manter os ataques \u00e0s bases militares do inimigo nos pa\u00edses do Oriente M\u00e9dio.&nbsp;<\/strong><img decoding=\"async\" src=\"https:\/\/agenciabrasil.ebc.com.br\/ebc.png?id=1681633&amp;o=node\"><img decoding=\"async\" src=\"https:\/\/agenciabrasil.ebc.com.br\/ebc.gif?id=1681633&amp;o=node\"><\/p>\n\n\n\n<p>\u201cN\u00e3o abandonaremos a busca por vingan\u00e7a. A vingan\u00e7a que temos em mente n\u00e3o se relaciona apenas ao mart\u00edrio do grande L\u00edder da Revolu\u00e7\u00e3o. Pelo contr\u00e1rio, cada membro da na\u00e7\u00e3o que \u00e9 martirizado pelo inimigo \u00e9 um sujeito independente no dossi\u00ea de retribui\u00e7\u00e3o\u201d, afirmou o aiatol\u00e1 em mensagem lida pela m\u00eddia iraniana.<\/p>\n\n\n\n<p>O novo chefe de Estado em Teer\u00e3, que substituiu o pai Ali Khamenei, assassinado em bombardeio no primeiro dia da guerra, ainda prometeu manter o Estreito de Ormuz fechado.<\/p>\n\n\n\n<blockquote class=\"wp-block-quote is-layout-flow wp-block-quote-is-layout-flow\">\n<p>&#8220;Caros irm\u00e3os de armas! A vontade das massas populares \u00e9 continuar a defesa eficaz e que cause pesar. Al\u00e9m disso, a alavanca do bloqueio do Estreito de Ormuz deve certamente continuar a ser utilizada\u201d, afirmou.<\/p>\n<\/blockquote>\n\n\n\n<p>O fechamento do Estreito de Ormuz pelo Ir\u00e3, por onde transitam cerca de 25% do petr\u00f3leo mundial, tem abalado os mercados,&nbsp;<a href=\"https:\/\/agenciabrasil.ebc.com.br\/internacional\/noticia\/2026-03\/paises-decidem-liberar-reservas-de-petroleo-em-meio-guerra-no-ira\" target=\"_blank\" rel=\"noreferrer noopener\">obrigando pa\u00edses a decidirem liberar estoques de emerg\u00eancia<\/a>.<\/p>\n\n\n\n<figure class=\"wp-block-image alignright size-full is-resized\"><a href=\"https:\/\/www.nossogoias.com.br\/wp\/portal-nosso-goias-noticias-quem-somos\/\"><img loading=\"lazy\" decoding=\"async\" width=\"721\" height=\"719\" src=\"https:\/\/www.nossogoias.com.br\/wp\/wp-content\/uploads\/2026\/03\/Banner-NG-Fake-nao.png\" alt=\"\" class=\"wp-image-88\" style=\"aspect-ratio:1.002824478816409;width:338px;height:auto\" srcset=\"https:\/\/www.nossogoias.com.br\/wp\/wp-content\/uploads\/2026\/03\/Banner-NG-Fake-nao.png 721w, https:\/\/www.nossogoias.com.br\/wp\/wp-content\/uploads\/2026\/03\/Banner-NG-Fake-nao-300x300.png 300w, https:\/\/www.nossogoias.com.br\/wp\/wp-content\/uploads\/2026\/03\/Banner-NG-Fake-nao-150x150.png 150w\" sizes=\"auto, (max-width: 721px) 100vw, 721px\" \/><\/a><\/figure>\n\n\n\n<h2 class=\"wp-block-heading\">Eixo da Resist\u00eancia<\/h2>\n\n\n\n<p>Mojtaba Khamenei ainda prometeu cobrar os advers\u00e1rios pelos preju\u00edzos econ\u00f4micos causados pela guerra e manter o apoio do Ir\u00e3 ao&nbsp;<a href=\"https:\/\/agenciabrasil.ebc.com.br\/geral\/noticia\/2026-03\/entenda-relacao-entre-causa-palestina-e-guerra-contra-o-ira\" target=\"_blank\" rel=\"noreferrer noopener\">Eixo da Resist\u00eancia<\/a>, formado por grupos paramilitares como Hamas e Hezbollah.<\/p>\n\n\n\n<blockquote class=\"wp-block-quote is-layout-flow wp-block-quote-is-layout-flow\">\n<p>&#8220;Exigiremos indeniza\u00e7\u00e3o do inimigo e, se eles se recusarem, confiscaremos o m\u00e1ximo de seus bens que considerarmos apropriado e, se isso n\u00e3o for poss\u00edvel, destruiremos a mesma quantidade de seus bens&#8221;, completou o novo L\u00edder Supremo iraniano.<\/p>\n<\/blockquote>\n\n\n\n<p>Em rela\u00e7\u00e3o ao Eixo da Resist\u00eancia, que o Ir\u00e3 apoia e foi apontado como um dos motivos para Israel e EUA atacarem a Rep\u00fablica Isl\u00e2mica, o aiatol\u00e1 Mojtaba explicou que esse apoio \u201c\u00e9 parte insepar\u00e1vel dos valores da Revolu\u00e7\u00e3o Isl\u00e2mica\u201d.<\/p>\n\n\n\n<p><a href=\"https:\/\/agenciabrasil.ebc.com.br\/internacional\/noticia\/2026-02\/entenda-os-desdobramentos-do-ataque-dos-eua-e-israel-contra-o-ira\" target=\"_blank\" rel=\"noreferrer noopener\"><strong>&lt;&lt;Entenda os desdobramentos do ataque dos EUA e Israel contra o Ir\u00e3<\/strong><\/a><\/p>\n\n\n\n<h2 class=\"wp-block-heading\">Vizinhos do Ir\u00e3<\/h2>\n\n\n\n<p>O novo L\u00edder Supremo acrescentou que est\u00e1 disposto a manter rela\u00e7\u00f5es \u201ccordiais e construtivas\u201d com todos os 15 pa\u00edses que o Ir\u00e3 tem fronteira, terrestre ou mar\u00edtima.<\/p>\n\n\n\n<p>Mojtaba ponderou, contudo, que algumas bases militares desses pa\u00edses foram usadas pelo agressor para atacar o Ir\u00e3. \u201cSem atacar esses pa\u00edses, alvejamos exclusivamente essas mesmas bases. De agora em diante, inevitavelmente continuaremos com isso&#8221;, prometeu.<\/p>\n\n\n\n<p>Nessa quarta-feira (11), com absten\u00e7\u00f5es da China e da R\u00fassia, o Conselho de Seguran\u00e7a da Organiza\u00e7\u00e3o das Na\u00e7\u00f5es Unidas (ONU) aprovou resolu\u00e7\u00e3o apresentada pelo Bahrein para que Teer\u00e3 pare as retalia\u00e7\u00f5es contra pa\u00edses \u00e1rabes da regi\u00e3o.<\/p>\n\n\n\n<p>Em seu primeiro comunicado, o L\u00edder Supremo cobrou que os pa\u00edses que hospedam bases dos EUA para que esclare\u00e7am sua posi\u00e7\u00e3o em rela\u00e7\u00e3o aos agressores do Ir\u00e3.<\/p>\n\n\n\n<blockquote class=\"wp-block-quote is-layout-flow wp-block-quote-is-layout-flow\">\n<p>\u201cAconselho-os a fechar essas bases o mais r\u00e1pido poss\u00edvel, pois j\u00e1 devem ter percebido que a alega\u00e7\u00e3o dos Estados Unidos de estabelecer seguran\u00e7a e paz n\u00e3o passava de uma mentira\u201d, sugeriu o aiatol\u00e1.<\/p>\n<\/blockquote>\n\n\n\n<h2 class=\"wp-block-heading\">Unidade iraniana<\/h2>\n\n\n\n<p>FILE PHOTO:Novo chefe de Estado em Teer\u00e3, que substituiu o pai Ali Khamenei (foto), assassinado em bombardeio no primeiro dia da guerra. Office of the Iranian Supreme Leader\/WANA (West Asia News Agency)\/Handout via REUTERS\/File Photo &#8211;&nbsp;<strong>Reuters\/Leader\/WANA \/Proibida reprodu\u00e7\u00e3o<\/strong><\/p>\n\n\n\n<p>O filho de Ali Khamenei, o novo L\u00edder Supremo do Ir\u00e3, Mojtaba Khamenei, ainda apelou para a necessidade de unidade entre \u201ctodos os estratos\u201d da sociedade iraniana frente ao inimigo, deixando de lado as \u201cdiverg\u00eancias\u201d internas e agradeceu aos combatentes iranianos.<\/p>\n\n\n\n<blockquote class=\"wp-block-quote is-layout-flow wp-block-quote-is-layout-flow\">\n<p>\u201cMeus sinceros agradecimentos aos nossos bravos combatentes que, com seus golpes esmagadores, bloquearam o caminho do inimigo e o fizeram abandonar a ilus\u00e3o de poder dominar nossa querida p\u00e1tria e possivelmente dividi-la&#8221;, completou.<\/p>\n<\/blockquote>\n\n\n\n<p>Mojtaba Khamenei disse ainda que soube da sua nomea\u00e7\u00e3o pela imprensa iraniana e lembrou dos familiares mortos nos ataques israelenses e estadunidenses. Al\u00e9m do pai, Mojtaba perdeu a esposa, uma irm\u00e3 e seu sobrinho pequeno, al\u00e9m de um cunhado casado com outra irm\u00e3.<\/p>\n\n\n\n<h2 class=\"wp-block-heading\">Elei\u00e7\u00e3o da Assembleia dos Especialistas<\/h2>\n\n\n\n<p>No Ir\u00e3, o L\u00edder Supremo \u00e9 eleito pela Assembleia dos Especialistas (ou dos Peritos), formada por 88 cl\u00e9rigos religiosos escolhidos por voto popular. Apesar do cargo ser vital\u00edcio, a Constitui\u00e7\u00e3o do Ir\u00e3 permite que a Assembleia destitua o L\u00edder Supremo.<\/p>\n\n\n\n<p>No cargo de l\u00edder supremo h\u00e1 36 anos, Ali Khamenei estava no topo da estrutura de&nbsp;<a href=\"https:\/\/agenciabrasil.ebc.com.br\/internacional\/noticia\/2024-05\/entenda-o-regime-politico-do-ira-e-o-que-pode-mudar-com-morte-de-raisi\" target=\"_blank\" rel=\"noreferrer noopener\">Poder da Rep\u00fablica Isl\u00e2mica do Ir\u00e3<\/a>&nbsp;que, al\u00e9m do Executivo, do Parlamento e do Judici\u00e1rio, conta com o Conselho dos Guardi\u00f5es, formado por seis indicados pelo L\u00edder Supremo e seis indicados pelo Parlamento.<\/p>\n\n\n\n<p>O L\u00edder Supremo funciona como uma esp\u00e9cie de Poder Moderador no Ir\u00e3. As For\u00e7as Armadas s\u00e3o diretamente ligadas a ele, e n\u00e3o ao Executivo.<\/p>\n\n\n\n<p><strong>Por Ag\u00eancia Brasil<\/strong><\/p>\n\n\n<ul class=\"wp-block-latest-posts__list is-grid columns-3 wp-block-latest-posts\"><li><a class=\"wp-block-latest-posts__post-title\" href=\"https:\/\/www.nossogoias.com.br\/wp\/preservacao-do-cerrado-e-tema-de-espetaculo-gratuito-em-pirenopolis-neste-sabado-2-5\/\">Preserva\u00e7\u00e3o do Cerrado \u00e9 tema de espet\u00e1culo gratuito em Piren\u00f3polis neste s\u00e1bado (2\/5)<\/a><\/li>\n<li><a class=\"wp-block-latest-posts__post-title\" href=\"https:\/\/www.nossogoias.com.br\/wp\/19-milhoes-de-brasileiros-ja-foram-alvo-de-golpes-ou-tentativas-de-fraude-em-um-ano\/\">19 milh\u00f5es de brasileiros j\u00e1 foram alvo de golpes ou tentativas de fraude em um ano<\/a><\/li>\n<li><a class=\"wp-block-latest-posts__post-title\" href=\"https:\/\/www.nossogoias.com.br\/wp\/dia-das-maes-movimenta-mega-moda-e-cliente-tem-chance-de-ganhar-r10-mil-em-compras-e-programacao-especial\/\">Dia das M\u00e3es movimenta Mega Moda e cliente tem chance de ganhar R$10 mil em compras e programa\u00e7\u00e3o especial<\/a><\/li>\n<li><a class=\"wp-block-latest-posts__post-title\" href=\"https:\/\/www.nossogoias.com.br\/wp\/saiba-o-que-vai-funcionar-no-feriadao-do-dia-do-trabalhador-em-todo-o-brasil\/\">Saiba o que vai funcionar no feriad\u00e3o do Dia do Trabalhador, em todo o Brasil<\/a><\/li>\n<li><a class=\"wp-block-latest-posts__post-title\" href=\"https:\/\/www.nossogoias.com.br\/wp\/governo-abre-inscricoes-para-barracas-comerciais-na-rodovia-dos-romeiros\/\">Festa do Divino Pai Eterno: Governo estadual abre inscri\u00e7\u00f5es para barracas comerciais na Rodovia dos Romeiros<\/a><\/li>\n<\/ul>","protected":false},"excerpt":{"rendered":"<p>Mojtaba Khamenei fez primeira fala ap\u00f3s ser eleito para cargo m\u00e1ximo No primeiro pronunciamento p\u00fablico desde que foi eleito L\u00edder<\/p>\n","protected":false},"author":1,"featured_media":990,"comment_status":"open","ping_status":"open","sticky":false,"template":"","format":"standard","meta":{"colormag_page_container_layout":"default_layout","colormag_page_sidebar_layout":"default_layout","footnotes":""},"categories":[21,5],"tags":[],"class_list":["post-988","post","type-post","status-publish","format-standard","has-post-thumbnail","hentry","category-empresas-e-economia","category-noticias-gerais"],"amp_enabled":true,"_links":{"self":[{"href":"https:\/\/www.nossogoias.com.br\/wp\/wp-json\/wp\/v2\/posts\/988","targetHints":{"allow":["GET"]}}],"collection":[{"href":"https:\/\/www.nossogoias.com.br\/wp\/wp-json\/wp\/v2\/posts"}],"about":[{"href":"https:\/\/www.nossogoias.com.br\/wp\/wp-json\/wp\/v2\/types\/post"}],"author":[{"embeddable":true,"href":"https:\/\/www.nossogoias.com.br\/wp\/wp-json\/wp\/v2\/users\/1"}],"replies":[{"embeddable":true,"href":"https:\/\/www.nossogoias.com.br\/wp\/wp-json\/wp\/v2\/comments?post=988"}],"version-history":[{"count":3,"href":"https:\/\/www.nossogoias.com.br\/wp\/wp-json\/wp\/v2\/posts\/988\/revisions"}],"predecessor-version":[{"id":1197,"href":"https:\/\/www.nossogoias.com.br\/wp\/wp-json\/wp\/v2\/posts\/988\/revisions\/1197"}],"wp:featuredmedia":[{"embeddable":true,"href":"https:\/\/www.nossogoias.com.br\/wp\/wp-json\/wp\/v2\/media\/990"}],"wp:attachment":[{"href":"https:\/\/www.nossogoias.com.br\/wp\/wp-json\/wp\/v2\/media?parent=988"}],"wp:term":[{"taxonomy":"category","embeddable":true,"href":"https:\/\/www.nossogoias.com.br\/wp\/wp-json\/wp\/v2\/categories?post=988"},{"taxonomy":"post_tag","embeddable":true,"href":"https:\/\/www.nossogoias.com.br\/wp\/wp-json\/wp\/v2\/tags?post=988"}],"curies":[{"name":"wp","href":"https:\/\/api.w.org\/{rel}","templated":true}]}}