{"id":4236,"date":"2026-05-01T08:34:26","date_gmt":"2026-05-01T11:34:26","guid":{"rendered":"https:\/\/www.nossogoias.com.br\/wp\/?p=4236"},"modified":"2026-05-01T08:34:26","modified_gmt":"2026-05-01T11:34:26","slug":"dolar-cai-para-r-495-e-fecha-no-menor-valor-em-dois-anos","status":"publish","type":"post","link":"https:\/\/www.nossogoias.com.br\/wp\/dolar-cai-para-r-495-e-fecha-no-menor-valor-em-dois-anos\/","title":{"rendered":"D\u00f3lar cai para R$ 4,95 e fecha no menor valor em dois anos"},"content":{"rendered":"\n<p><strong>Bolsa recupera-se ap\u00f3s seis quedas seguidas e sobe 1,39%<\/strong><\/p>\n\n\n\n<p>O mercado financeiro brasileiro encerrou abril em clima de euforia.&nbsp;<strong>Beneficiado pelo cen\u00e1rio externo e pelo tom duro do comunicado do Comit\u00ea de Pol\u00edtica Monet\u00e1ria (Copom), o d\u00f3lar caiu com for\u00e7a e fechou no menor n\u00edvel em mais de dois anos.&nbsp;<\/strong><img decoding=\"async\" src=\"https:\/\/agenciabrasil.ebc.com.br\/ebc.png?id=1688043&amp;o=node\"><img decoding=\"async\" src=\"https:\/\/agenciabrasil.ebc.com.br\/ebc.gif?id=1688043&amp;o=node\"><\/p>\n\n\n\n<p><strong>A bolsa subiu ap\u00f3s seis quedas seguidas, em meio ao apetite global por risco que favoreceu pa\u00edses emergentes como o Brasil.<\/strong><\/p>\n\n\n\n<p>Imagem: divulga\u00e7\u00e3o internet<\/p>\n\n\n\n<p>Esse ambiente mais favor\u00e1vel levou a uma combina\u00e7\u00e3o t\u00edpica de entrada de capital estrangeiro: investidores venderam d\u00f3lares e direcionaram recursos para ativos brasileiros, como a\u00e7\u00f5es.&nbsp;<strong>O d\u00f3lar comercial fechou a sess\u00e3o desta quinta-feira (30) cotado a R$ 4,952, em queda de R$ 0,049 (-0,99%). A cota\u00e7\u00e3o atingiu o menor n\u00edvel desde 7 de mar\u00e7o de 2024.<\/strong><\/p>\n\n\n\n<p>Ao longo de abril, a moeda estadunidense acumulou desvaloriza\u00e7\u00e3o de 4,38% frente ao real. No ano, a queda est\u00e1 em 9,77%, colocando o real entre as moedas com melhor desempenho no per\u00edodo.<\/p>\n\n\n\n<p>O movimento reflete, em grande medida, a perda de for\u00e7a global do d\u00f3lar, observada tamb\u00e9m em outros mercados, al\u00e9m do redirecionamento de investimentos para economias com juros mais elevados.<\/p>\n\n\n\n<p>No caso brasileiro, mesmo com o in\u00edcio de um ciclo de cortes, a taxa b\u00e1sica de juros permanece em patamar alto. Na quarta-feira (29), o Banco Central&nbsp;<a href=\"https:\/\/agenciabrasil.ebc.com.br\/economia\/noticia\/2026-04\/banco-central-reduz-juros-basicos-para-145-ao-ano\">reduziu a Selic para 14,50% ao ano<\/a>, mas indicou cautela quanto aos pr\u00f3ximos passos, diante de riscos inflacion\u00e1rios.<\/p>\n\n\n\n<p>Nos Estados Unidos, o Federal Reserve manteve os juros entre 3,50% e 3,75%, ampliando o diferencial de taxas entre os dois pa\u00edses. Esse diferencial \u00e9 um dos principais fatores que sustentam a valoriza\u00e7\u00e3o do real, ao tornar o Brasil mais atrativo para investidores em busca de rendimento.<\/p>\n\n\n\n<p><strong>O euro comercial tamb\u00e9m teve forte recuo nesta quinta, fechando a R$ 5,811, com queda de 0,48%. A divisa est\u00e1 no valor mais baixo desde 24 de junho de 2024.<\/strong><\/p>\n\n\n\n<h2 class=\"wp-block-heading\">Ibovespa<\/h2>\n\n\n\n<p><strong>O dia foi marcado pela recupera\u00e7\u00e3o no mercado de a\u00e7\u00f5es. O \u00edndice Ibovespa, da B3, fechou esta quinta aos 187.318 pontos, com alta de 1,39%.<\/strong><\/p>\n\n\n\n<p>O ganho foi influenciado tanto pelo fluxo estrangeiro quanto pela reavalia\u00e7\u00e3o das expectativas para a pol\u00edtica monet\u00e1ria. Com a indica\u00e7\u00e3o de cortes mais graduais da Selic, cresce a percep\u00e7\u00e3o de estabilidade econ\u00f4mica, o que tende a favorecer o mercado de a\u00e7\u00f5es.<\/p>\n\n\n\n<p>Apesar da alta desta quinta, o \u00edndice terminou o m\u00eas praticamente est\u00e1vel, ap\u00f3s uma sequ\u00eancia recente de quedas que apagou parte dos ganhos anteriores.<\/p>\n\n\n\n<p>No cen\u00e1rio dom\u00e9stico, os investidores tamb\u00e9m acompanharam dados econ\u00f4micos e decis\u00f5es pol\u00edticas, embora com impacto limitado sobre os pre\u00e7os. Indicadores do mercado de trabalho mostraram resili\u00eancia da economia, refor\u00e7ando a leitura de que h\u00e1 menos espa\u00e7o para cortes agressivos de juros no curto prazo.<\/p>\n\n\n\n<h2 class=\"wp-block-heading\">Petr\u00f3leo<\/h2>\n\n\n\n<p><strong>O comportamento do petr\u00f3leo continuou sendo um fator relevante para os mercados globais.&nbsp;<\/strong>A&nbsp;<em>commodity&nbsp;<\/em>(bem prim\u00e1rio com cota\u00e7\u00e3o internacional) teve um dia de forte volatilidade, influenciada pelas tens\u00f5es geopol\u00edticas no Oriente M\u00e9dio.<\/p>\n\n\n\n<p>Os pre\u00e7os chegaram a subir de forma significativa durante o preg\u00e3o, superando os US$ 120, mas perderam for\u00e7a ao longo do dia.<\/p>\n\n\n\n<p>O barril do tipo Brent, refer\u00eancia para a Petrobras, encerrou em US$ 110,40, praticamente est\u00e1vel. O barril WTI, do Texas, usado nas negocia\u00e7\u00f5es nos Estados Unidos, ficou em US$ 105,07, com queda de 1,69%.<\/p>\n\n\n\n<p>As oscila\u00e7\u00f5es refletem incertezas sobre o fornecimento global, especialmente diante das tens\u00f5es envolvendo Estados Unidos, Ir\u00e3 e Israel, al\u00e9m das restri\u00e7\u00f5es no Estreito de Hormuz, uma das principais rotas do petr\u00f3leo no mundo. Mesmo com recuos pontuais, os pre\u00e7os ainda permanecem elevados, o que mant\u00e9m press\u00e3o sobre a infla\u00e7\u00e3o global e influencia decis\u00f5es de pol\u00edtica monet\u00e1ria.<\/p>\n\n\n\n<p><strong>Por Ag\u00eancia Brasil com informa\u00e7\u00f5es da Reuters<\/strong><\/p>\n\n\n<ul class=\"wp-block-latest-posts__list is-grid columns-3 wp-block-latest-posts\"><li><a class=\"wp-block-latest-posts__post-title\" href=\"https:\/\/www.nossogoias.com.br\/wp\/goiania-shopping-celebra-os-96-anos-de-seu-enxadrista-mais-querido\/\">Goi\u00e2nia Shopping celebra os 96 anos de seu enxadrista mais querido<\/a><\/li>\n<li><a class=\"wp-block-latest-posts__post-title\" href=\"https:\/\/www.nossogoias.com.br\/wp\/ministerio-da-saude-leva-carreta-de-saude-da-mulher-a-formosa-go-para-ampliar-diagnostico-precoce-do-cancer-de-mama-no-sus\/\">Minist\u00e9rio da Sa\u00fade leva carreta de sa\u00fade da mulher a Formosa (GO) para ampliar diagn\u00f3stico precoce do c\u00e2ncer de mama no SUS<\/a><\/li>\n<li><a class=\"wp-block-latest-posts__post-title\" href=\"https:\/\/www.nossogoias.com.br\/wp\/entre-o-mistico-e-o-maduro-o-living-assinado-por-mariana-carvalho-para-casacor-goias-2026\/\">Entre o m\u00edstico e o maduro: o living assinado por Mariana Carvalho para\u00a0CasaCor\u00a0Goi\u00e1s 2026\u00a0<\/a><\/li>\n<li><a class=\"wp-block-latest-posts__post-title\" href=\"https:\/\/www.nossogoias.com.br\/wp\/goiania-saiba-o-que-abre-e-fecha-no-feriado-do-dia-do-trabalho-nos-orgaos-municipais\/\">Goi\u00e2nia: Saiba o que abre e fecha no feriado do dia do Trabalho nos \u00f3rg\u00e3os municipais<\/a><\/li>\n<li><a class=\"wp-block-latest-posts__post-title\" href=\"https:\/\/www.nossogoias.com.br\/wp\/dia-do-trabalhador-confira-como-fica-o-funcionamento-de-todos-os-orgaos-publicos-em-goias-neste-feriado\/\">Dia do Trabalhador: Confira como fica o funcionamento dos \u00f3rg\u00e3os p\u00fablicos em Goi\u00e1s, neste feriado<\/a><\/li>\n<\/ul>","protected":false},"excerpt":{"rendered":"<p>Bolsa recupera-se ap\u00f3s seis quedas seguidas e sobe 1,39% O mercado financeiro brasileiro encerrou abril em clima de euforia.&nbsp;Beneficiado pelo<\/p>\n","protected":false},"author":1,"featured_media":197,"comment_status":"open","ping_status":"open","sticky":false,"template":"","format":"standard","meta":{"colormag_page_container_layout":"default_layout","colormag_page_sidebar_layout":"default_layout","footnotes":""},"categories":[21,5],"tags":[],"class_list":["post-4236","post","type-post","status-publish","format-standard","has-post-thumbnail","hentry","category-empresas-e-economia","category-noticias-gerais"],"amp_enabled":true,"_links":{"self":[{"href":"https:\/\/www.nossogoias.com.br\/wp\/wp-json\/wp\/v2\/posts\/4236","targetHints":{"allow":["GET"]}}],"collection":[{"href":"https:\/\/www.nossogoias.com.br\/wp\/wp-json\/wp\/v2\/posts"}],"about":[{"href":"https:\/\/www.nossogoias.com.br\/wp\/wp-json\/wp\/v2\/types\/post"}],"author":[{"embeddable":true,"href":"https:\/\/www.nossogoias.com.br\/wp\/wp-json\/wp\/v2\/users\/1"}],"replies":[{"embeddable":true,"href":"https:\/\/www.nossogoias.com.br\/wp\/wp-json\/wp\/v2\/comments?post=4236"}],"version-history":[{"count":1,"href":"https:\/\/www.nossogoias.com.br\/wp\/wp-json\/wp\/v2\/posts\/4236\/revisions"}],"predecessor-version":[{"id":4238,"href":"https:\/\/www.nossogoias.com.br\/wp\/wp-json\/wp\/v2\/posts\/4236\/revisions\/4238"}],"wp:featuredmedia":[{"embeddable":true,"href":"https:\/\/www.nossogoias.com.br\/wp\/wp-json\/wp\/v2\/media\/197"}],"wp:attachment":[{"href":"https:\/\/www.nossogoias.com.br\/wp\/wp-json\/wp\/v2\/media?parent=4236"}],"wp:term":[{"taxonomy":"category","embeddable":true,"href":"https:\/\/www.nossogoias.com.br\/wp\/wp-json\/wp\/v2\/categories?post=4236"},{"taxonomy":"post_tag","embeddable":true,"href":"https:\/\/www.nossogoias.com.br\/wp\/wp-json\/wp\/v2\/tags?post=4236"}],"curies":[{"name":"wp","href":"https:\/\/api.w.org\/{rel}","templated":true}]}}