{"id":4096,"date":"2026-04-27T12:23:50","date_gmt":"2026-04-27T15:23:50","guid":{"rendered":"https:\/\/www.nossogoias.com.br\/wp\/?p=4096"},"modified":"2026-04-27T12:23:50","modified_gmt":"2026-04-27T15:23:50","slug":"orquestra-sinfonica-de-goiania-apresenta-concerto-internacional-sob-regencia-de-maestro-colombiano-cesar-leal","status":"publish","type":"post","link":"https:\/\/www.nossogoias.com.br\/wp\/orquestra-sinfonica-de-goiania-apresenta-concerto-internacional-sob-regencia-de-maestro-colombiano-cesar-leal\/","title":{"rendered":"Orquestra Sinf\u00f4nica de Goi\u00e2nia apresenta Concerto Internacional sob reg\u00eancia de maestro colombiano C\u00e9sar Leal"},"content":{"rendered":"\n<p><strong>Apresenta\u00e7\u00e3o gratuita ser\u00e1 no Teatro Basileu Fran\u00e7a e re\u00fane obras de Avner Dorman, Jean Fran\u00e7aix e Johannes Brahms<\/strong><\/p>\n\n\n\n<p>A Prefeitura de Goi\u00e2nia, por meio da Secretaria Municipal de Cultura (Secult), realiza nesta ter\u00e7a-feira (28\/4), \u00e0s 20h, no Teatro Basileu Fran\u00e7a, o \u201cConcerto Internacional\u201d, com apresenta\u00e7\u00e3o da Orquestra Sinf\u00f4nica de Goi\u00e2nia. O espet\u00e1culo integra a Temporada 2026 de Concertos e conta com a participa\u00e7\u00e3o especial do clarinetista Daniel Oliveira, de S\u00e3o Paulo, como solista convidado e reg\u00eancia do maestro colombiano C\u00e9sar Leal, radicado nos Estados Unidos.<\/p>\n\n\n\n<p> (Fotos: Divulga\u00e7\u00e3o\/Secult)<\/p>\n\n\n\n<p>Com entrada gratuita e acesso por ordem de chegada a partir das 19h, o concerto apresenta um programa cuidadosamente elaborado, reunindo obras de compositores consagrados do repert\u00f3rio sinf\u00f4nico internacional: Avner Dorman, Jean Fran\u00e7aix e Johannes Brahms.<\/p>\n\n\n\n<p>A abertura da noite ser\u00e1 com Tanyaderas, de Avner Dorman, obra marcada por energia r\u00edtmica e contrastes de textura e din\u00e2mica, evidenciando a riqueza da escrita orquestral contempor\u00e2nea. Na sequ\u00eancia, o p\u00fablico poder\u00e1 apreciar o Concerto para Clarineta e Orquestra, de Jean Fran\u00e7aix, pe\u00e7a que destaca o virtuosismo do solista e o di\u00e1logo refinado entre clarineta e orquestra, com leveza formal e eleg\u00e2ncia caracter\u00edsticas do compositor.<\/p>\n\n\n\n<p>Encerrando a programa\u00e7\u00e3o, a Orquestra interpreta a monumental Sinfonia n\u00ba 4 em Mi Menor, Op. 98, de Johannes Brahms, considerada uma das obras mais importantes do repert\u00f3rio sinf\u00f4nico. Composta entre 1884 e 1885, a pe\u00e7a \u00e9 reconhecida por sua profundidade estrutural e for\u00e7a expressiva, sendo uma das culmin\u00e2ncias da produ\u00e7\u00e3o do compositor alem\u00e3o.<\/p>\n\n\n\n<p>O solista convidado Daniel Oliveira \u00e9 mestre em Performance Musical pela USP e graduado em Clarineta pela Unesp, com especializa\u00e7\u00e3o na Su\u00e9cia e atua\u00e7\u00e3o destacada em importantes institui\u00e7\u00f5es musicais do pa\u00eds e do exterior. Atualmente, \u00e9 chefe de naipe da Orquestra de \u00d3pera do Theatro S\u00e3o Pedro, em S\u00e3o Paulo, al\u00e9m de fundador da Orquestra ECO Teatro B32.<\/p>\n\n\n\n<p>J\u00e1 o maestro C\u00e9sar Leal \u00e9 reconhecido internacionalmente por sua atua\u00e7\u00e3o como regente, pesquisador e professor. Natural da Col\u00f4mbia e atualmente professor associado no Conservat\u00f3rio de M\u00fasica Sunderman, do Gettysburg College, nos Estados Unidos, Leal se destaca por unir performance, pesquisa musicol\u00f3gica e inova\u00e7\u00e3o art\u00edstica em sua trajet\u00f3ria.<\/p>\n\n\n\n<p><strong>Por Secretaria Municipal de Cultura de Goi\u00e2nia<\/strong><\/p>\n\n\n<ul class=\"wp-block-latest-posts__list is-grid columns-3 wp-block-latest-posts\"><li><a class=\"wp-block-latest-posts__post-title\" href=\"https:\/\/www.nossogoias.com.br\/wp\/caixa-economica-federal-libera-dinheiro-de-antigo-fundo-pis-pasep-veja-como-sacar\/\">Caixa Econ\u00f4mica Federal libera dinheiro de antigo fundo PIS\/Pasep; veja como sacar<\/a><\/li>\n<li><a class=\"wp-block-latest-posts__post-title\" href=\"https:\/\/www.nossogoias.com.br\/wp\/5-cantores-sertanejos-que-fizeram-tratamento-capilar\/\">5 cantores sertanejos que fizeram tratamento capilar<\/a><\/li>\n<li><a class=\"wp-block-latest-posts__post-title\" href=\"https:\/\/www.nossogoias.com.br\/wp\/nova-linha-casa-214-de-o-boticario\/\">Nova linha Casa 214 de O Botic\u00e1rio<\/a><\/li>\n<li><a class=\"wp-block-latest-posts__post-title\" href=\"https:\/\/www.nossogoias.com.br\/wp\/adultos-entre-30-e-39-anos-lideram-inadimplencia-em-goias\/\">Adultos entre 30 e 39 anos lideram inadimpl\u00eancia em Goi\u00e1s<\/a><\/li>\n<li><a class=\"wp-block-latest-posts__post-title\" href=\"https:\/\/www.nossogoias.com.br\/wp\/goias-defende-acordo-com-eua-para-exploracao-de-minerais-criticos\/\">Goi\u00e1s defende acordo com EUA para explora\u00e7\u00e3o de minerais cr\u00edticos<\/a><\/li>\n<\/ul>","protected":false},"excerpt":{"rendered":"<p>Apresenta\u00e7\u00e3o gratuita ser\u00e1 no Teatro Basileu Fran\u00e7a e re\u00fane obras de Avner Dorman, Jean Fran\u00e7aix e Johannes Brahms A Prefeitura<\/p>\n","protected":false},"author":1,"featured_media":4098,"comment_status":"open","ping_status":"open","sticky":false,"template":"","format":"standard","meta":{"colormag_page_container_layout":"default_layout","colormag_page_sidebar_layout":"default_layout","footnotes":""},"categories":[5,14],"tags":[],"class_list":["post-4096","post","type-post","status-publish","format-standard","has-post-thumbnail","hentry","category-noticias-gerais","category-shows-e-eventos"],"amp_enabled":true,"_links":{"self":[{"href":"https:\/\/www.nossogoias.com.br\/wp\/wp-json\/wp\/v2\/posts\/4096","targetHints":{"allow":["GET"]}}],"collection":[{"href":"https:\/\/www.nossogoias.com.br\/wp\/wp-json\/wp\/v2\/posts"}],"about":[{"href":"https:\/\/www.nossogoias.com.br\/wp\/wp-json\/wp\/v2\/types\/post"}],"author":[{"embeddable":true,"href":"https:\/\/www.nossogoias.com.br\/wp\/wp-json\/wp\/v2\/users\/1"}],"replies":[{"embeddable":true,"href":"https:\/\/www.nossogoias.com.br\/wp\/wp-json\/wp\/v2\/comments?post=4096"}],"version-history":[{"count":1,"href":"https:\/\/www.nossogoias.com.br\/wp\/wp-json\/wp\/v2\/posts\/4096\/revisions"}],"predecessor-version":[{"id":4099,"href":"https:\/\/www.nossogoias.com.br\/wp\/wp-json\/wp\/v2\/posts\/4096\/revisions\/4099"}],"wp:featuredmedia":[{"embeddable":true,"href":"https:\/\/www.nossogoias.com.br\/wp\/wp-json\/wp\/v2\/media\/4098"}],"wp:attachment":[{"href":"https:\/\/www.nossogoias.com.br\/wp\/wp-json\/wp\/v2\/media?parent=4096"}],"wp:term":[{"taxonomy":"category","embeddable":true,"href":"https:\/\/www.nossogoias.com.br\/wp\/wp-json\/wp\/v2\/categories?post=4096"},{"taxonomy":"post_tag","embeddable":true,"href":"https:\/\/www.nossogoias.com.br\/wp\/wp-json\/wp\/v2\/tags?post=4096"}],"curies":[{"name":"wp","href":"https:\/\/api.w.org\/{rel}","templated":true}]}}