{"id":352,"date":"2026-03-05T12:50:27","date_gmt":"2026-03-05T15:50:27","guid":{"rendered":"https:\/\/www.nossogoias.com.br\/wp\/?p=352"},"modified":"2026-03-05T21:58:16","modified_gmt":"2026-03-06T00:58:16","slug":"prefeitura-promove-palestra-especial-em-homenagem-ao-dia-da-mulher-nesta-quinta-5","status":"publish","type":"post","link":"https:\/\/www.nossogoias.com.br\/wp\/prefeitura-promove-palestra-especial-em-homenagem-ao-dia-da-mulher-nesta-quinta-5\/","title":{"rendered":"Senador Canedo: Prefeitura promove palestra especial em homenagem ao Dia da Mulher nesta quinta (5)"},"content":{"rendered":"\n<p>A Prefeitura de Senador Canedo, por meio do Instituto de Previd\u00eancia do Servidor P\u00fablico de Senador Canedo \u2013 SENAPREV, promove uma palestra especial em alus\u00e3o ao Dia da Mulher com o tema \u201cSou mulher\u2026 e agora?\u201d. O encontro contar\u00e1 com a participa\u00e7\u00e3o da psic\u00f3loga e professora da PUC Goi\u00e1s, Vera Morselli, que trar\u00e1 reflex\u00f5es sobre identidade e desafios femininos na sociedade contempor\u00e2nea.<\/p>\n\n\n\n<figure class=\"wp-block-image alignleft is-resized\"><img decoding=\"async\" src=\"https:\/\/sp-ao.shortpixel.ai\/client\/to_auto,q_glossy,ret_img,w_1080,h_1350\/https:\/\/senadorcanedo.go.gov.br\/wp-content\/uploads\/2026\/03\/WhatsApp-Image-2026-03-04-at-14.43.21.jpeg\" alt=\"\" style=\"width:428px;height:auto\"\/><\/figure>\n\n\n\n<p>A iniciativa busca valorizar e fortalecer o papel da mulher, incentivando o di\u00e1logo e a conscientiza\u00e7\u00e3o em um espa\u00e7o de escuta e aprendizado. A palestra \u00e9 aberta ao p\u00fablico e ser\u00e1 realizada \u00e0s 8h30, na C\u00e2mara Municipal de Senador Canedo, localizada na Av. Pres. Alves de Castro, Vila S\u00e3o Sebasti\u00e3o.<\/p>\n\n\n\n<p><strong>Texto: Victor Rodrigues<\/strong><\/p>\n\n\n\n<p><strong>Por <em>Secretaria de Comunica\u00e7\u00e3o e Eventos<\/em> de Senador Canedo<\/strong><\/p>\n\n\n<ul class=\"wp-block-latest-posts__list wp-block-latest-posts\"><li><a class=\"wp-block-latest-posts__post-title\" href=\"https:\/\/www.nossogoias.com.br\/wp\/preservacao-do-cerrado-e-tema-de-espetaculo-gratuito-em-pirenopolis-neste-sabado-2-5\/\">Preserva\u00e7\u00e3o do Cerrado \u00e9 tema de espet\u00e1culo gratuito em Piren\u00f3polis neste s\u00e1bado (2\/5)<\/a><\/li>\n<li><a class=\"wp-block-latest-posts__post-title\" href=\"https:\/\/www.nossogoias.com.br\/wp\/19-milhoes-de-brasileiros-ja-foram-alvo-de-golpes-ou-tentativas-de-fraude-em-um-ano\/\">19 milh\u00f5es de brasileiros j\u00e1 foram alvo de golpes ou tentativas de fraude em um ano<\/a><\/li>\n<li><a class=\"wp-block-latest-posts__post-title\" href=\"https:\/\/www.nossogoias.com.br\/wp\/dia-das-maes-movimenta-mega-moda-e-cliente-tem-chance-de-ganhar-r10-mil-em-compras-e-programacao-especial\/\">Dia das M\u00e3es movimenta Mega Moda e cliente tem chance de ganhar R$10 mil em compras e programa\u00e7\u00e3o especial<\/a><\/li>\n<li><a class=\"wp-block-latest-posts__post-title\" href=\"https:\/\/www.nossogoias.com.br\/wp\/saiba-o-que-vai-funcionar-no-feriadao-do-dia-do-trabalhador-em-todo-o-brasil\/\">Saiba o que vai funcionar no feriad\u00e3o do Dia do Trabalhador, em todo o Brasil<\/a><\/li>\n<li><a class=\"wp-block-latest-posts__post-title\" href=\"https:\/\/www.nossogoias.com.br\/wp\/governo-abre-inscricoes-para-barracas-comerciais-na-rodovia-dos-romeiros\/\">Festa do Divino Pai Eterno: Governo estadual abre inscri\u00e7\u00f5es para barracas comerciais na Rodovia dos Romeiros<\/a><\/li>\n<\/ul>","protected":false},"excerpt":{"rendered":"<p>A Prefeitura de Senador Canedo, por meio do Instituto de Previd\u00eancia do Servidor P\u00fablico de Senador Canedo \u2013 SENAPREV, promove<\/p>\n","protected":false},"author":1,"featured_media":355,"comment_status":"open","ping_status":"open","sticky":false,"template":"","format":"standard","meta":{"colormag_page_container_layout":"default_layout","colormag_page_sidebar_layout":"default_layout","footnotes":""},"categories":[20,51,12,5,14],"tags":[],"class_list":["post-352","post","type-post","status-publish","format-standard","has-post-thumbnail","hentry","category-agenda-social","category-direito-e-cidadania","category-educacao-e-pesquisa","category-noticias-gerais","category-shows-e-eventos"],"amp_enabled":true,"_links":{"self":[{"href":"https:\/\/www.nossogoias.com.br\/wp\/wp-json\/wp\/v2\/posts\/352","targetHints":{"allow":["GET"]}}],"collection":[{"href":"https:\/\/www.nossogoias.com.br\/wp\/wp-json\/wp\/v2\/posts"}],"about":[{"href":"https:\/\/www.nossogoias.com.br\/wp\/wp-json\/wp\/v2\/types\/post"}],"author":[{"embeddable":true,"href":"https:\/\/www.nossogoias.com.br\/wp\/wp-json\/wp\/v2\/users\/1"}],"replies":[{"embeddable":true,"href":"https:\/\/www.nossogoias.com.br\/wp\/wp-json\/wp\/v2\/comments?post=352"}],"version-history":[{"count":3,"href":"https:\/\/www.nossogoias.com.br\/wp\/wp-json\/wp\/v2\/posts\/352\/revisions"}],"predecessor-version":[{"id":360,"href":"https:\/\/www.nossogoias.com.br\/wp\/wp-json\/wp\/v2\/posts\/352\/revisions\/360"}],"wp:featuredmedia":[{"embeddable":true,"href":"https:\/\/www.nossogoias.com.br\/wp\/wp-json\/wp\/v2\/media\/355"}],"wp:attachment":[{"href":"https:\/\/www.nossogoias.com.br\/wp\/wp-json\/wp\/v2\/media?parent=352"}],"wp:term":[{"taxonomy":"category","embeddable":true,"href":"https:\/\/www.nossogoias.com.br\/wp\/wp-json\/wp\/v2\/categories?post=352"},{"taxonomy":"post_tag","embeddable":true,"href":"https:\/\/www.nossogoias.com.br\/wp\/wp-json\/wp\/v2\/tags?post=352"}],"curies":[{"name":"wp","href":"https:\/\/api.w.org\/{rel}","templated":true}]}}