{"id":254,"date":"2026-03-04T20:35:12","date_gmt":"2026-03-04T23:35:12","guid":{"rendered":"https:\/\/www.nossogoias.com.br\/wp\/?p=254"},"modified":"2026-03-04T20:35:12","modified_gmt":"2026-03-04T23:35:12","slug":"festival-de-circo-feito-por-mulheres-ocupa-o-final-de-semana-com-espetaculos-e-oficinas-e-gratuitas","status":"publish","type":"post","link":"https:\/\/www.nossogoias.com.br\/wp\/festival-de-circo-feito-por-mulheres-ocupa-o-final-de-semana-com-espetaculos-e-oficinas-e-gratuitas\/","title":{"rendered":"Festival de circo feito por mulheres ocupa o final de semana com espet\u00e1culos e oficinas e gratuitas"},"content":{"rendered":"\n<p><em><strong>Coletiva Mui\u00e9 do Riso realiza 4\u00aa edi\u00e7\u00e3o do Reborda com as Mui\u00e9 de 06 a 08 de mar\u00e7o, no Martim Cerer\u00ea. Debate e apresenta\u00e7\u00f5es musicais tamb\u00e9m integram programa\u00e7\u00e3o<br><\/strong><\/em><br>A 4\u00aa edi\u00e7\u00e3o do Reborda com as Mui\u00e9 &#8211; Festival Goiano de Circo Feminino, realizado pela Coletiva Mui\u00e9 do Riso, chega trazendo muita arte e divers\u00e3o para o final de semana. O evento acontece de 6 a 8 de mar\u00e7o e tem como palco o Centro Cultural Martim Cerer\u00ea. Criado com o objetivo de fortalecer, dar visibilidade e celebrar a produ\u00e7\u00e3o circense feminina, o festival visa criar um espa\u00e7o seguro para troca, forma\u00e7\u00e3o e exibi\u00e7\u00e3o art\u00edstica. Neste ano ter\u00e1 seu encerramento em uma data simb\u00f3lica: o Dia Internacional da Mulher.<\/p>\n\n\n\n<p>O evento vai contar com debate, oficinas e apresenta\u00e7\u00f5es circenses e musicais.<br>A programa\u00e7\u00e3o \u00e9 gratuita e acess\u00edvel. \u00c9 preciso inscri\u00e7\u00e3o pr\u00e9via apenas para as oficinas, que s\u00e3o voltadas para pessoas a partir de 10 anos de idade e t\u00eam vagas limitadas (cerca de 10 por oficina). Mais informa\u00e7\u00f5es e inscri\u00e7\u00f5es pelo instagram @muiedoriso .<\/p>\n\n\n\n<figure class=\"wp-block-image alignright size-large\"><img loading=\"lazy\" decoding=\"async\" width=\"1024\" height=\"341\" src=\"https:\/\/www.nossogoias.com.br\/wp\/wp-content\/uploads\/2026\/03\/Captura-de-tela-2026-03-04-202614-1024x341.png\" alt=\"\" class=\"wp-image-256\" srcset=\"https:\/\/www.nossogoias.com.br\/wp\/wp-content\/uploads\/2026\/03\/Captura-de-tela-2026-03-04-202614-1024x341.png 1024w, https:\/\/www.nossogoias.com.br\/wp\/wp-content\/uploads\/2026\/03\/Captura-de-tela-2026-03-04-202614-300x100.png 300w, https:\/\/www.nossogoias.com.br\/wp\/wp-content\/uploads\/2026\/03\/Captura-de-tela-2026-03-04-202614-768x256.png 768w, https:\/\/www.nossogoias.com.br\/wp\/wp-content\/uploads\/2026\/03\/Captura-de-tela-2026-03-04-202614.png 1220w\" sizes=\"auto, (max-width: 1024px) 100vw, 1024px\" \/><\/figure>\n\n\n\n<p><strong>Debate<br><\/strong>O debate \u201cPedagogias e did\u00e1ticas no ensino das artes\u201d, voltado ao p\u00fablico adulto, abrir\u00e1 a 4\u00aa edi\u00e7\u00e3o do Reborda com as Mui\u00e9 na sexta-feira (6), \u00e0s 15:30. A atividade ser\u00e1 conduzida por Mar\u00edlia Leles, Lua Barreto e mestra Geovanna de Castro.<\/p>\n\n\n\n<p><strong>Oficinas<br><\/strong>Os tr\u00eas dias do evento contar\u00e3o, ainda, com oficinas. Na sexta-feira (6) os temas ser\u00e3o introdu\u00e7\u00e3o \u00e0s t\u00e9cnicas circenses de tecido acrob\u00e1tico e trap\u00e9zio fixo e introdu\u00e7\u00e3o a ritmos na percuss\u00e3o. No s\u00e1bado (7) ser\u00e1 a vez de introdu\u00e7\u00e3o \u00e0s t\u00e9cnicas circenses de bambol\u00ea e oficina de flexibilidade. J\u00e1 no domingo (8), o foco ser\u00e1 a introdu\u00e7\u00e3o \u00e0s t\u00e9cnicas circenses de malabarismo. No mesmo dia a Coletiva Mui\u00e9 do Riso far\u00e1, como contrapartida social, a atividade \u201cDo Lixo \u00e0 Cena\u201d, ensinando a constru\u00e7\u00e3o de objetos c\u00eanicos com res\u00edduos recicl\u00e1veis.<\/p>\n\n\n\n<p><strong>Espet\u00e1culos<br><\/strong>A programa\u00e7\u00e3o noturna do festival ter\u00e1 in\u00edcio com espet\u00e1culos circenses. Na sexta (6), a Cia das Paia\u00e7a entrar\u00e1 em cena com \u201cSincronia do Caos\u201d \u00e0s 20h. No s\u00e1bado (7), \u00e0s 19h, ser\u00e1 a vez do \u201cVariet\u00ea Delas\u201d, com Lua Xeya, Mellina Fioretti, Poliana,&nbsp;Abby Hoop&nbsp;e Karol Schineider. No domingo (8), \u00e0s 20h, Michele Maranh\u00e3o, Lucienne Machado, D\u00e9bora di S\u00e1, Palha\u00e7a Larika e&nbsp;Caro Marafigoh&nbsp;entrar\u00e3o no palco com a \u201cNoite das On\u00e7as\u201d.<\/p>\n\n\n\n<p><strong>Apresenta\u00e7\u00f5es musicais<br><\/strong>Para fechar as tr\u00eas noites do festival foram escolhidas atra\u00e7\u00f5es musicais que prometem colocar todo mundo para dan\u00e7ar. No s\u00e1bado (6), o Coletivo Coco Rachado entrar\u00e1 no palco \u00e0s 21h. No s\u00e1bado (7), as Mulheres do Samba se apresentar\u00e3o \u00e0s 20h. \u00c0s 21h come\u00e7ar\u00e1 a discotecagem com a DJ Madrinha Odara. E para fechar o evento, no domingo (8), \u00e0s 21h ser\u00e1 realizado o show \u201cForr\u00f3 Quentim\u201d.<\/p>\n\n\n\n<p>O projeto foi contemplado pelo Edital Difus\u00e3o Cultural n\u00ba 2\/2025, da Secretaria de Estado da Cultura \u2013 Secult Goi\u00e1s, por meio do Fundo de Arte e Cultura de Goi\u00e1s.<\/p>\n\n\n\n<p><strong>Sobre a Mui\u00e9 do Riso<br><\/strong>A Coletiva Circense Latina-Americana Mui\u00e9 do Riso foi formada em 2018, em Goi\u00e2nia, pelas artistas (ent\u00e3o estudantes de circo da EFG em Artes Basileu Fran\u00e7a): Alejandra Martinez, Margaret Guerrero, Susana Santos, Pennelope Avelar e Luana Silveria. Com a proposta de levar a arte circense para as ruas da cidade, elas promovem diversas atividades de forma aut\u00f4noma, como rodas circenses e pequenos shows de variedades. Formado por mulheres da Col\u00f4mbia, Venezuela e do Brasil, o grupo agrega uma alta pot\u00eancia no que diz respeito \u00e0 cultura e \u00e0 identidade latino-americana, promovendo um espa\u00e7o para que mulheres possam explorar suas habilidades. O coletivo quebra estere\u00f3tipos, incentiva a confian\u00e7a e empodera as artistas, aumentando sua visibilidade em um cen\u00e1rio historicamente ocupado por homens.<\/p>\n\n\n\n\n\n<p><strong>Confira a programa\u00e7\u00e3o completa do 4\u00ba Festival Reborda com as Mui\u00e9:<br><\/strong><br><strong><u>06\/03 (Sexta-feira)<br><\/u>15:30<\/strong>&nbsp;&#8211; Debate \u201cPedagogias e did\u00e1ticas no ensino das artes\u201d com Mar\u00edlia Leles, Lua Barreto e mestra Geovanna de Castro<br><strong>17h&nbsp;<\/strong>&#8211; Oficina \u201cIntrodu\u00e7\u00e3o \u00e0s t\u00e9cnicas circenses de tecido acrob\u00e1tico e trap\u00e9zio fixo\u201d com Alejandra Martinez<br><strong>18h<\/strong>&nbsp;&#8211; Oficina \u201cIntrodu\u00e7\u00e3o a ritmos na percuss\u00e3o\u201d com Penn\u00e9lope Avelar<br><strong>20h<\/strong>&nbsp;&#8211; Espet\u00e1culo \u201cSincronia do Caos\u201d, Cia das Paia\u00e7a (Danielle Alencar e Margaret Guerrero)<br><strong>21h<\/strong>&nbsp;&#8211; Show musical: Coletivo Coco Rachado<\/p>\n\n\n\n<p><strong><u>07\/03 (S\u00e1bado)<br><\/u>14h<\/strong>&nbsp;&#8211; Oficina &nbsp;\u201cIntrodu\u00e7\u00e3o \u00e0s t\u00e9cnicas circenses de bambol\u00ea\u201d com Sussa (Susana Santos)<br><strong>16h&nbsp;<\/strong>&#8211; Oficina \u201cFlexibilidade\u201d com Luana Beatriz Silveria<br><strong>19h<\/strong>&nbsp;&#8211; Variet\u00e9 Delas: Lua Xeya, Mellina Fioretti, Poliana, Abby Hoop e Karol Schineider<br><strong>20h<\/strong>&nbsp;&#8211; Show musical: Mulheres do Samba<br><strong>21h<\/strong>&nbsp;&#8211; Discotecagem: DJ Madrinha Odara<\/p>\n\n\n\n<p><strong><u>08\/03 (Domingo)<br><\/u>14h<\/strong>&nbsp;&#8211; \u201cDo Lixo \u00e0 Cena\u201d &#8211; Constru\u00e7\u00e3o de Objetos C\u00eanicos com Res\u00edduos Recicl\u00e1veis (Contrapartida social da Coletiva Mui\u00e9 do Riso)<br><strong>16h&nbsp;<\/strong>&#8211; Oficina \u201cIntrodu\u00e7\u00e3o \u00e0s t\u00e9cnicas circenses de malabarismo\u201d com Margaret Guerrero<br><strong>18h<\/strong>&nbsp;&#8211; Tarde Infantil: \u201cAs Parentas\u201d, com participa\u00e7\u00e3o de Marina Schineider<br>\u201cEspet\u00e1culo Rato de Biblioteca\u201d &#8211; Cia de Arte Poesia que Gira<br><strong>20h<\/strong>&nbsp;&#8211; Noite das On\u00e7as: Michele Maranh\u00e3o, Lucienne Machado, D\u00e9bora di S\u00e1, Palha\u00e7a Larika e Caro Marafigoh<br><strong>21h&nbsp;<\/strong>&#8211; Show musical \u201cForr\u00f3 Quentim\u201d<\/p>\n\n\n\n<p><strong><u>SERVI\u00c7O<\/u><br>4\u00aa edi\u00e7\u00e3o do Reborda com as Mui\u00e9 &#8211; Festival Goiano de Circo Feminino da Coletiva Mui\u00e9 do Riso<\/strong><br><strong>Data:<\/strong>&nbsp;06 a 08\/03 (sexta-feira, s\u00e1bado e domingo)<br><strong>Hor\u00e1rio:<\/strong>&nbsp;Dia 06, a partir das 15:30. Dias 07 e 08, a partir das 14h<br><strong>Local:&nbsp;<\/strong>Centro Cultural Martim Cerer\u00ea &#8211; Rua 94-A, Setor Sul<br><strong>Mais informa\u00e7\u00f5es:<\/strong>&nbsp;instagram @muiedoriso<strong>Entrada gratuita<\/strong><\/p>\n\n\n\n<p><strong>Por Olho Comunica\u00e7\u00e3o<\/strong><\/p>\n\n\n<ul class=\"wp-block-latest-posts__list is-grid columns-3 wp-block-latest-posts\"><li><a class=\"wp-block-latest-posts__post-title\" href=\"https:\/\/www.nossogoias.com.br\/wp\/preservacao-do-cerrado-e-tema-de-espetaculo-gratuito-em-pirenopolis-neste-sabado-2-5\/\">Preserva\u00e7\u00e3o do Cerrado \u00e9 tema de espet\u00e1culo gratuito em Piren\u00f3polis neste s\u00e1bado (2\/5)<\/a><\/li>\n<li><a class=\"wp-block-latest-posts__post-title\" href=\"https:\/\/www.nossogoias.com.br\/wp\/19-milhoes-de-brasileiros-ja-foram-alvo-de-golpes-ou-tentativas-de-fraude-em-um-ano\/\">19 milh\u00f5es de brasileiros j\u00e1 foram alvo de golpes ou tentativas de fraude em um ano<\/a><\/li>\n<li><a class=\"wp-block-latest-posts__post-title\" href=\"https:\/\/www.nossogoias.com.br\/wp\/dia-das-maes-movimenta-mega-moda-e-cliente-tem-chance-de-ganhar-r10-mil-em-compras-e-programacao-especial\/\">Dia das M\u00e3es movimenta Mega Moda e cliente tem chance de ganhar R$10 mil em compras e programa\u00e7\u00e3o especial<\/a><\/li>\n<li><a class=\"wp-block-latest-posts__post-title\" href=\"https:\/\/www.nossogoias.com.br\/wp\/saiba-o-que-vai-funcionar-no-feriadao-do-dia-do-trabalhador-em-todo-o-brasil\/\">Saiba o que vai funcionar no feriad\u00e3o do Dia do Trabalhador, em todo o Brasil<\/a><\/li>\n<li><a class=\"wp-block-latest-posts__post-title\" href=\"https:\/\/www.nossogoias.com.br\/wp\/governo-abre-inscricoes-para-barracas-comerciais-na-rodovia-dos-romeiros\/\">Festa do Divino Pai Eterno: Governo estadual abre inscri\u00e7\u00f5es para barracas comerciais na Rodovia dos Romeiros<\/a><\/li>\n<\/ul>","protected":false},"excerpt":{"rendered":"<p>Coletiva Mui\u00e9 do Riso realiza 4\u00aa edi\u00e7\u00e3o do Reborda com as Mui\u00e9 de 06 a 08 de mar\u00e7o, no Martim<\/p>\n","protected":false},"author":1,"featured_media":260,"comment_status":"open","ping_status":"open","sticky":false,"template":"","format":"standard","meta":{"colormag_page_container_layout":"default_layout","colormag_page_sidebar_layout":"default_layout","footnotes":""},"categories":[21,5,14],"tags":[],"class_list":["post-254","post","type-post","status-publish","format-standard","has-post-thumbnail","hentry","category-empresas-e-economia","category-noticias-gerais","category-shows-e-eventos"],"amp_enabled":true,"_links":{"self":[{"href":"https:\/\/www.nossogoias.com.br\/wp\/wp-json\/wp\/v2\/posts\/254","targetHints":{"allow":["GET"]}}],"collection":[{"href":"https:\/\/www.nossogoias.com.br\/wp\/wp-json\/wp\/v2\/posts"}],"about":[{"href":"https:\/\/www.nossogoias.com.br\/wp\/wp-json\/wp\/v2\/types\/post"}],"author":[{"embeddable":true,"href":"https:\/\/www.nossogoias.com.br\/wp\/wp-json\/wp\/v2\/users\/1"}],"replies":[{"embeddable":true,"href":"https:\/\/www.nossogoias.com.br\/wp\/wp-json\/wp\/v2\/comments?post=254"}],"version-history":[{"count":1,"href":"https:\/\/www.nossogoias.com.br\/wp\/wp-json\/wp\/v2\/posts\/254\/revisions"}],"predecessor-version":[{"id":261,"href":"https:\/\/www.nossogoias.com.br\/wp\/wp-json\/wp\/v2\/posts\/254\/revisions\/261"}],"wp:featuredmedia":[{"embeddable":true,"href":"https:\/\/www.nossogoias.com.br\/wp\/wp-json\/wp\/v2\/media\/260"}],"wp:attachment":[{"href":"https:\/\/www.nossogoias.com.br\/wp\/wp-json\/wp\/v2\/media?parent=254"}],"wp:term":[{"taxonomy":"category","embeddable":true,"href":"https:\/\/www.nossogoias.com.br\/wp\/wp-json\/wp\/v2\/categories?post=254"},{"taxonomy":"post_tag","embeddable":true,"href":"https:\/\/www.nossogoias.com.br\/wp\/wp-json\/wp\/v2\/tags?post=254"}],"curies":[{"name":"wp","href":"https:\/\/api.w.org\/{rel}","templated":true}]}}