{"id":2058,"date":"2026-03-26T02:31:00","date_gmt":"2026-03-26T05:31:00","guid":{"rendered":"https:\/\/www.nossogoias.com.br\/wp\/?p=2058"},"modified":"2026-03-25T19:41:39","modified_gmt":"2026-03-25T22:41:39","slug":"energia-eletrica-equatorial-convoca-145-milhao-para-garantir-isencao-na-conta-de-luz","status":"publish","type":"post","link":"https:\/\/www.nossogoias.com.br\/wp\/energia-eletrica-equatorial-convoca-145-milhao-para-garantir-isencao-na-conta-de-luz\/","title":{"rendered":"Energia el\u00e9trica: Equatorial convoca 1,45 milh\u00e3o para garantir isen\u00e7\u00e3o na conta de luz"},"content":{"rendered":"\n<p><strong>Clientes precisam regularizar cadastro da tarifa social<\/strong><\/p>\n\n\n\n<p>O Grupo Equatorial, que controla distribuidoras de energia em sete estados, informou que cerca de 1,45 milh\u00e3o de clientes de baixa renda precisam atualizar o cadastro junto \u00e0s empresas para manter em vigor a isen\u00e7\u00e3o na conta de luz determinada pelo&nbsp;<a href=\"https:\/\/www.gov.br\/mme\/pt-br\/assuntos\/noticias\/tarifa-social-saiba-como-funciona-e-quem-pode-pedir-desconto\" target=\"_blank\" rel=\"noreferrer noopener\">Programa Tarifa Social<\/a>.&nbsp;<img decoding=\"async\" src=\"https:\/\/agenciabrasil.ebc.com.br\/ebc.png?id=1683576&amp;o=node\"><img decoding=\"async\" src=\"https:\/\/agenciabrasil.ebc.com.br\/ebc.gif?id=1683576&amp;o=node\"><\/p>\n\n\n\n<p><strong>Esse total de fam\u00edlias representa 35% dos 4,15 milh\u00f5es de benefici\u00e1rios da tarifa social em \u00e1reas cobertas pela Equatorial: Maranh\u00e3o, Par\u00e1, Piau\u00ed, Alagoas, Amap\u00e1, Rio Grande do Sul e Goi\u00e1s.<\/strong><\/p>\n\n\n\n<p>A necessidade de atualiza\u00e7\u00e3o dos dados \u00e9 uma determina\u00e7\u00e3o da&nbsp;<a href=\"https:\/\/agenciabrasil.ebc.com.br\/politica\/noticia\/2025-10\/lula-sanciona-gratuidade-em-conta-de-luz-para-familias-de-baixa-renda\" target=\"_blank\" rel=\"noreferrer noopener\">pol\u00edtica p\u00fablica Luz do Povo<\/a>, do governo federal, regulamentada pela Ag\u00eancia Nacional de Energia El\u00e9trica (Aneel).<\/p>\n\n\n\n<p>As empresas do Grupo Equatorial iniciaram, em fevereiro, a campanha de comunica\u00e7\u00e3o com os clientes, que inclui envio de WhatsApp e email&nbsp; (tarifa.social@equatorialenergia.com.br).&nbsp;<\/p>\n\n\n\n<p>Nos casos em que n\u00e3o houver contato digital cadastrado, haver\u00e1 tentativas por correio ou presencialmente por agentes comerciais.<\/p>\n\n\n\n<p><strong>As mensagens s\u00e3o personalizadas com o nome do titular da conta e o n\u00famero da conta-contrato ou unidade consumidora.<\/strong><\/p>\n\n\n\n<h2 class=\"wp-block-heading\">Regulamento<\/h2>\n\n\n\n<p>Para ser inclu\u00eddo na tarifa social, o titular da conta de luz deve ser integrante de fam\u00edlia registrada no Cadastro \u00danico (Cad\u00danico), banco de dados do governo federal com registro de fam\u00edlias de baixa renda. O endere\u00e7o da conta tem que ser na mesma cidade que consta no Cad\u00danico da pessoa.<\/p>\n\n\n\n<p><strong>As fam\u00edlias t\u00eam at\u00e9 31 de dezembro para regularizar os dados.<\/strong>&nbsp;Caso contr\u00e1rio, o benef\u00edcio pode ser suspenso. As notifica\u00e7\u00f5es da empresa acusam qual a inconsist\u00eancia identificada.<\/p>\n\n\n\n<p>Quando houver diverg\u00eancia de titularidade, ser\u00e1 poss\u00edvel incluir o titular da conta no cadastro social ou solicitar a troca de titularidade.<\/p>\n\n\n\n<p><strong>Nos casos de inconsist\u00eancia de munic\u00edpio, o consumidor dever\u00e1 atualizar o Cad\u00danico na cidade onde est\u00e1 a unidade consumidora ou transferir o benef\u00edcio para outra conta de energia vinculada \u00e0 fam\u00edlia no munic\u00edpio.<\/strong><\/p>\n\n\n\n<p>Atualiza\u00e7\u00f5es no cadastro podem ser feitas em um Centro de Refer\u00eancia de Assist\u00eancia Social (Cras) do munic\u00edpio de resid\u00eancia do titular da conta.<\/p>\n\n\n\n<h2 class=\"wp-block-heading\">Brasil<\/h2>\n\n\n\n<p>A necessidade de atualiza\u00e7\u00e3o dos dados n\u00e3o \u00e9 exclusividade de clientes de distribuidoras da Equatorial Energia.&nbsp;<\/p>\n\n\n\n<p><strong>De acordo com a Associa\u00e7\u00e3o de Distribuidores de Energia El\u00e9trica (Abradee), em todo o pa\u00eds, mais de 3,5 milh\u00f5es de fam\u00edlias precisam confirmar informa\u00e7\u00f5es para manter o benef\u00edcio da tarifa social.<\/strong><\/p>\n\n\n\n<p>Esse contingente equivale a 27% do total de 13 milh\u00f5es que recebem o desconto, segundo a Abradee.<\/p>\n\n\n\n<p>A concession\u00e1ria Enel calcula que mais de 650 mil fam\u00edlias precisam de atualiza\u00e7\u00e3o de cadastros em S\u00e3o Paulo, no Rio de Janeiro e no Cear\u00e1.&nbsp;<\/p>\n\n\n\n<p>A Energisa, que atua em 11 estados, estima quase 500 mil fam\u00edlias nessa situa\u00e7\u00e3o, sendo 218 mil apenas na Para\u00edba.&nbsp;<\/p>\n\n\n\n<p>A Neoenergia, distribuidora em seis estados e no Distrito Federal, contabiliza mais de 755 mil clientes com necessidade de atualiza\u00e7\u00e3o.&nbsp;<\/p>\n\n\n\n<h2 class=\"wp-block-heading\">Tarifa social<\/h2>\n\n\n\n<p><strong>A isen\u00e7\u00e3o da tarifa social \u00e9 direcionada a lares com renda familiar mensal por pessoa de at\u00e9 meio sal\u00e1rio m\u00ednimo.<\/strong>&nbsp;Este ano, o sal\u00e1rio m\u00ednimo est\u00e1 fixado em R$ 1.621.<\/p>\n\n\n\n<p>O benef\u00edcio garante isen\u00e7\u00e3o para consumo de energia mensal de at\u00e9 80 quilowatt-hora (kWh).&nbsp;<\/p>\n\n\n\n<p><strong>Para fam\u00edlias com renda mensal por pessoa entre meio e um sal\u00e1rio m\u00ednimo, h\u00e1 desconto para o consumo at\u00e9 120 kWh por m\u00eas.<\/strong><\/p>\n\n\n\n<p>Tamb\u00e9m s\u00e3o cobertas pela tarifa social as fam\u00edlias que recebem o Benef\u00edcio de Presta\u00e7\u00e3o Continuada (BPC), um sal\u00e1rio m\u00ednimo por m\u00eas ao idoso em situa\u00e7\u00e3o de vulnerabilidade ou pessoa com defici\u00eancia de qualquer idade, al\u00e9m de ind\u00edgenas e quilombolas de baixa renda.<\/p>\n\n\n\n<p><strong>Por Ag\u00eancia Brasil<\/strong><\/p>\n\n\n<ul class=\"wp-block-latest-posts__list is-grid columns-3 wp-block-latest-posts\"><li><a class=\"wp-block-latest-posts__post-title\" href=\"https:\/\/www.nossogoias.com.br\/wp\/dia-das-maes-flamboyant-shopping-2026\/\">Dia das M\u00e3es Flamboyant Shopping 2026<\/a><\/li>\n<li><a class=\"wp-block-latest-posts__post-title\" href=\"https:\/\/www.nossogoias.com.br\/wp\/ministerio-da-saude-do-governo-do-brasil-lanca-em-formosa-go-carreta-de-saude-da-mulher-para-diagnostico-precoce-de-cancer-de-mama-e-do-colo-do-utero\/\">Minist\u00e9rio da Sa\u00fade do Governo do Brasil lan\u00e7a em Formosa (GO) carreta de sa\u00fade da mulher para diagn\u00f3stico precoce de c\u00e2ncer de mama e do colo do \u00fatero\u00a0\u00a0<\/a><\/li>\n<li><a class=\"wp-block-latest-posts__post-title\" href=\"https:\/\/www.nossogoias.com.br\/wp\/vapt-vupt-do-araguaia-shopping-retoma-atendimento-em-novo-espaco\/\">Vapt Vupt do Araguaia Shopping retoma atendimento em novo espa\u00e7o<\/a><\/li>\n<li><a class=\"wp-block-latest-posts__post-title\" href=\"https:\/\/www.nossogoias.com.br\/wp\/lista-de-peixes-e-invertebrados-ameacados-de-extincao-e-atualizada\/\">Lista de peixes e invertebrados amea\u00e7ados de extin\u00e7\u00e3o \u00e9 atualizada<\/a><\/li>\n<li><a class=\"wp-block-latest-posts__post-title\" href=\"https:\/\/www.nossogoias.com.br\/wp\/educacao-e-pesquisa-maioria-de-empresarios-que-apoiou-ditadura-vem-de-familias-escravistas\/\">Educa\u00e7\u00e3o e Pesquisa: Maioria de empres\u00e1rios que apoiou ditadura vem de fam\u00edlias escravistas<\/a><\/li>\n<\/ul>","protected":false},"excerpt":{"rendered":"<p>Clientes precisam regularizar cadastro da tarifa social O Grupo Equatorial, que controla distribuidoras de energia em sete estados, informou que<\/p>\n","protected":false},"author":1,"featured_media":2060,"comment_status":"open","ping_status":"open","sticky":false,"template":"","format":"standard","meta":{"colormag_page_container_layout":"default_layout","colormag_page_sidebar_layout":"default_layout","footnotes":""},"categories":[51,21,5],"tags":[],"class_list":["post-2058","post","type-post","status-publish","format-standard","has-post-thumbnail","hentry","category-direito-e-cidadania","category-empresas-e-economia","category-noticias-gerais"],"amp_enabled":true,"_links":{"self":[{"href":"https:\/\/www.nossogoias.com.br\/wp\/wp-json\/wp\/v2\/posts\/2058","targetHints":{"allow":["GET"]}}],"collection":[{"href":"https:\/\/www.nossogoias.com.br\/wp\/wp-json\/wp\/v2\/posts"}],"about":[{"href":"https:\/\/www.nossogoias.com.br\/wp\/wp-json\/wp\/v2\/types\/post"}],"author":[{"embeddable":true,"href":"https:\/\/www.nossogoias.com.br\/wp\/wp-json\/wp\/v2\/users\/1"}],"replies":[{"embeddable":true,"href":"https:\/\/www.nossogoias.com.br\/wp\/wp-json\/wp\/v2\/comments?post=2058"}],"version-history":[{"count":1,"href":"https:\/\/www.nossogoias.com.br\/wp\/wp-json\/wp\/v2\/posts\/2058\/revisions"}],"predecessor-version":[{"id":2061,"href":"https:\/\/www.nossogoias.com.br\/wp\/wp-json\/wp\/v2\/posts\/2058\/revisions\/2061"}],"wp:featuredmedia":[{"embeddable":true,"href":"https:\/\/www.nossogoias.com.br\/wp\/wp-json\/wp\/v2\/media\/2060"}],"wp:attachment":[{"href":"https:\/\/www.nossogoias.com.br\/wp\/wp-json\/wp\/v2\/media?parent=2058"}],"wp:term":[{"taxonomy":"category","embeddable":true,"href":"https:\/\/www.nossogoias.com.br\/wp\/wp-json\/wp\/v2\/categories?post=2058"},{"taxonomy":"post_tag","embeddable":true,"href":"https:\/\/www.nossogoias.com.br\/wp\/wp-json\/wp\/v2\/tags?post=2058"}],"curies":[{"name":"wp","href":"https:\/\/api.w.org\/{rel}","templated":true}]}}